{"id":14665,"date":"2026-08-30T21:51:48","date_gmt":"2026-08-30T19:51:48","guid":{"rendered":"https:\/\/paugargallo.cat\/?p=14665"},"modified":"2026-08-30T21:51:48","modified_gmt":"2026-08-30T19:51:48","slug":"inici-curs-2026-27","status":"publish","type":"post","link":"https:\/\/paugargallo.cat\/index.php\/2026\/08\/30\/inici-curs-2026-27\/","title":{"rendered":"Inici curs 2026\/27"},"content":{"rendered":"<div id=\"pl-14665\"  class=\"panel-layout\" ><div id=\"pg-14665-0\"  class=\"panel-grid panel-no-style\" ><div id=\"pgc-14665-0-0\"  class=\"panel-grid-cell\" ><div id=\"panel-14665-0-0-0\" class=\"so-panel widget widget_siteorigin-panels-post-content panel-first-child\" data-index=\"0\" ><div class=\"panel-widget-style panel-widget-style-for-14665-0-0-0\" ><div class=\"featured-image\"><img loading=\"lazy\" decoding=\"async\" width=\"990\" height=\"690\" src=\"https:\/\/paugargallo.cat\/wp-content\/uploads\/2026\/08\/26_27_horari_inici_curs_capcalera.png\" class=\"attachment-post-thumbnail size-post-thumbnail wp-post-image\" alt=\"\" \/><\/div><\/div><\/div><div id=\"panel-14665-0-0-1\" class=\"so-panel widget widget_sow-editor panel-last-child\" data-index=\"1\" ><div\n\t\t\t\n\t\t\tclass=\"so-widget-sow-editor so-widget-sow-editor-base\"\n\t\t\t\n\t\t>\n<div class=\"siteorigin-widget-tinymce textwidget\">\n\t<p>Comencem el curs 2026-2027 a l'EA Pau Gargallo!<\/p>\n<p>La presentaci\u00f3 del curs tindr\u00e0 les seg\u00fcents dates i horaris:<\/p>\n<p>&nbsp;<\/p>\n<p><strong>Batxillerat<\/strong><\/p>\n<p><strong>1r curs<\/strong>: dimarts 8 de setembre a les 9h<\/p>\n<p><strong>2n curs<\/strong>: dimarts 8 de setembre a les 10h<\/p>\n<p>&nbsp;<\/p>\n<p><strong>Grau mitj\u00e0:<\/strong><\/p>\n<p>Dilluns 14 de setembre a les 14:30h<\/p>\n<p>&nbsp;<\/p>\n<p><strong>Grau superior<\/strong><\/p>\n<p><strong>Grups mat\u00ed<\/strong>: dilluns 14 de setembre a les 10h<\/p>\n<p><strong>Grups tarda<\/strong>: dilluns 14 de setembre a les 15h<\/p>\n<p>&nbsp;<\/p>\n<p><strong>ESDAPC<\/strong><\/p>\n<p>Dilluns 14 de setembre a les 16h<\/p>\n<p>&nbsp;<\/p>\n<p>Bon inici de curs!<\/p>\n<\/div>\n<\/div><\/div><\/div><\/div><\/div>","protected":false},"excerpt":{"rendered":"<p>Comencem el curs 2026-2027 a l&#8217;EA Pau Gargallo! La presentaci\u00f3 del curs tindr\u00e0 les seg\u00fcents dates i horaris: &nbsp; Batxillerat 1r curs: dimarts 8 de setembre a les 9h 2n curs: dimarts 8 de setembre a les 10h&#8230; <a class=\"read-more\" href=\"https:\/\/paugargallo.cat\/index.php\/2026\/08\/30\/inici-curs-2026-27\/\">Read More<\/a><\/p>\n","protected":false},"author":1,"featured_media":14666,"comment_status":"closed","ping_status":"closed","sticky":false,"template":"","format":"standard","meta":{"footnotes":""},"categories":[14],"tags":[],"class_list":["post-14665","post","type-post","status-publish","format-standard","has-post-thumbnail","hentry","category-agenda"],"_links":{"self":[{"href":"https:\/\/paugargallo.cat\/index.php\/wp-json\/wp\/v2\/posts\/14665","targetHints":{"allow":["GET"]}}],"collection":[{"href":"https:\/\/paugargallo.cat\/index.php\/wp-json\/wp\/v2\/posts"}],"about":[{"href":"https:\/\/paugargallo.cat\/index.php\/wp-json\/wp\/v2\/types\/post"}],"author":[{"embeddable":true,"href":"https:\/\/paugargallo.cat\/index.php\/wp-json\/wp\/v2\/users\/1"}],"replies":[{"embeddable":true,"href":"https:\/\/paugargallo.cat\/index.php\/wp-json\/wp\/v2\/comments?post=14665"}],"version-history":[{"count":2,"href":"https:\/\/paugargallo.cat\/index.php\/wp-json\/wp\/v2\/posts\/14665\/revisions"}],"predecessor-version":[{"id":14668,"href":"https:\/\/paugargallo.cat\/index.php\/wp-json\/wp\/v2\/posts\/14665\/revisions\/14668"}],"wp:featuredmedia":[{"embeddable":true,"href":"https:\/\/paugargallo.cat\/index.php\/wp-json\/wp\/v2\/media\/14666"}],"wp:attachment":[{"href":"https:\/\/paugargallo.cat\/index.php\/wp-json\/wp\/v2\/media?parent=14665"}],"wp:term":[{"taxonomy":"category","embeddable":true,"href":"https:\/\/paugargallo.cat\/index.php\/wp-json\/wp\/v2\/categories?post=14665"},{"taxonomy":"post_tag","embeddable":true,"href":"https:\/\/paugargallo.cat\/index.php\/wp-json\/wp\/v2\/tags?post=14665"}],"curies":[{"name":"wp","href":"https:\/\/api.w.org\/{rel}","templated":true}]}}